{"id":6509,"date":"2022-02-22T09:00:56","date_gmt":"2022-02-22T08:00:56","guid":{"rendered":"https:\/\/cvo.hamburg.de\/?p=6509"},"modified":"2025-02-24T11:45:22","modified_gmt":"2025-02-24T10:45:22","slug":"theaterwoche-wir-spielen-wieder","status":"publish","type":"post","link":"https:\/\/cvo.hamburg.de\/?p=6509","title":{"rendered":"Theaterwoche &#8211; Wir spielen wieder!"},"content":{"rendered":"<p>Liebe Schulgemeinschaft,<\/p>\n<p>kurzfristig, daf\u00fcr umso geballter: Unsere S4 Theaterwoche in der Pausenhalle findet statt (toi, toi. toi!)<\/p>\n<ul>\n<li style=\"list-style-type: none\">\n<ul>\n<li>Am Dienstag, 1.3. um 19h \u201eAch wie gut, dass niemand wei\u00df\u201c Grundkurs<\/li>\n<li>Am Mittwoch, 2.3. um 19h \u201eRomi und Julia\u201c Bili-Profil<\/li>\n<li>Am Donnerstag 3.3. um 19h \u201eHabe nun ach! ein Baby im Bauch&nbsp; &#8211; Gretchens Fragen\u201c &#8211;&nbsp; PGW-Profil<\/li>\n<li><strong><span style=\"color: #ff0000\">ABGESAGT!!!<\/span><\/strong>&nbsp; \u201eCarpe diem\u201c PGW-Profil Sim (Am Montag, 28.2. um 19h)<\/li>\n<\/ul>\n<\/li>\n<\/ul>\n<p>Wir freuen uns endlich wieder auff\u00fchren zu k\u00f6nnen! Kommt gerne vorbei (es gelten die 2G+ Regeln).<br \/>\nEs gr\u00fc\u00dft die Theaterfachschaft des CvO!<\/p>\n<p><strong>Hier die Projekte im Einzelnen:<\/strong><\/p>\n<p><strong><img loading=\"lazy\" decoding=\"async\" class=\"alignleft size-medium wp-image-6512\" src=\"https:\/\/cvo.hamburg.de\/wp-content\/uploads\/sites\/31\/2022\/02\/Bildschirmfoto-2022-02-22-um-08.52.07-212x300.png\" alt=\"\" width=\"212\" height=\"300\" srcset=\"https:\/\/cvo.hamburg.de\/wp-content\/uploads\/sites\/31\/2022\/02\/Bildschirmfoto-2022-02-22-um-08.52.07-212x300.png 212w, https:\/\/cvo.hamburg.de\/wp-content\/uploads\/sites\/31\/2022\/02\/Bildschirmfoto-2022-02-22-um-08.52.07-725x1024.png 725w, https:\/\/cvo.hamburg.de\/wp-content\/uploads\/sites\/31\/2022\/02\/Bildschirmfoto-2022-02-22-um-08.52.07-768x1085.png 768w, https:\/\/cvo.hamburg.de\/wp-content\/uploads\/sites\/31\/2022\/02\/Bildschirmfoto-2022-02-22-um-08.52.07.png 900w\" sizes=\"auto, (max-width: 212px) 100vw, 212px\" \/>Ach wie gut, dass niemand wei\u00df<\/strong> von Marie Schwarz<br \/>\n<em>unter Leitung von Frau Schildt<\/em><\/p>\n<p>Noch nichts vor am 1. M\u00e4rz? Jetzt Schon! Wir, der Theater-Grundkurs vom CvO, pr\u00e4sentieren Ihnen &#8222;Ach wie gut, dass niemand wei\u00df&#8230;&#8220;<br \/>\nDie M\u00e4rchenwelt droht, von einer Hexe in den Untergang gerissen zu werden. Die M\u00e4rchenfiguren m\u00fcssen nicht nur einen Kampf gegen die Hexe f\u00fchren, sondern auch gegen die Zeit! Werden Sie jemals wieder ein M\u00e4rchen lesen k\u00f6nnen?<\/p>\n<p>Um dies zu erfahren, kommen Sie am 01.03.22 in die Pausenhalle und \u00fcberzeugen Sie sich selbst.<\/p>\n<p>&nbsp;<\/p>\n<p>&nbsp;<\/p>\n<p><strong><img loading=\"lazy\" decoding=\"async\" class=\"alignleft size-medium wp-image-6510\" src=\"https:\/\/cvo.hamburg.de\/wp-content\/uploads\/sites\/31\/2022\/02\/Bildschirmfoto-2022-02-22-um-08.50.59-211x300.png\" alt=\"\" width=\"211\" height=\"300\" srcset=\"https:\/\/cvo.hamburg.de\/wp-content\/uploads\/sites\/31\/2022\/02\/Bildschirmfoto-2022-02-22-um-08.50.59-211x300.png 211w, https:\/\/cvo.hamburg.de\/wp-content\/uploads\/sites\/31\/2022\/02\/Bildschirmfoto-2022-02-22-um-08.50.59-720x1024.png 720w, https:\/\/cvo.hamburg.de\/wp-content\/uploads\/sites\/31\/2022\/02\/Bildschirmfoto-2022-02-22-um-08.50.59-768x1092.png 768w, https:\/\/cvo.hamburg.de\/wp-content\/uploads\/sites\/31\/2022\/02\/Bildschirmfoto-2022-02-22-um-08.50.59.png 902w\" sizes=\"auto, (max-width: 211px) 100vw, 211px\" \/>Romi und Julia <\/strong>nach Shakespeare<strong><br \/>\n<\/strong><em>unter Leitung von Frau Schildt<\/em><\/p>\n<p>Gesellschaftskritik, gigantische Spannung und eine modernisierte Inszenierung? Unsere Adaption \u201eRomi und Julia\u201c des Shakespeare-Dramas des Theaterkurses \u201aBilinguales Crossing-Borders-Profil\u2018 bietet Ihnen eine erfrischende Mischung von sozialpolitischer Aufkl\u00e4rung und purem Nervenkitzel: Ein homosexuelles P\u00e4rchen stellt sich gegen die konservativen Normen ihrer Familien und wird durch die Intoleranz in ihrer Umgebung allm\u00e4hlich in den Ruin getrieben. Lassen Sie sich dieses theatralische Spektakel nicht entgehen und kommen Sie am 02.03.22 um 19:00 in die Pausenhalle!<\/p>\n<p>&nbsp;<\/p>\n<p>&nbsp;<\/p>\n<p><strong>Habe nun ach! ein Baby im Bauch&nbsp; &#8211; Gretchens Fragen<\/strong><br \/>\n<em>unter Leitung von Frau Berlage<\/em><\/p>\n<p>In unserem selbst geschriebenen St\u00fcck gehen wir der Frage nach, wie es Gretchen oder einer heutigen Margarete mit einer ungewollten Schwangerschaft geht. Wer tr\u00e4gt die Schuld? Wer hat wen verf\u00fchrt? Mit 16 Jungen und M\u00e4dchen des PGW-Profils versuchen wir, in einer Gerichtsverhandlung die verschiedenen Konflikte einer jungen Liebesbeziehung zu zeigen und dadurch die Geschichte <em>Faust<\/em> neu zu lesen. Am 3. M\u00e4rz um 19 Uhr freuen wir uns auf Ihren Besuch!<\/p>\n<p>&nbsp;<\/p>\n<p><strong><span style=\"color: #ff0000\"><img loading=\"lazy\" decoding=\"async\" class=\"alignleft size-medium wp-image-6511\" src=\"https:\/\/cvo.hamburg.de\/wp-content\/uploads\/sites\/31\/2022\/02\/Bildschirmfoto-2022-02-22-um-08.51.37-214x300.png\" alt=\"\" width=\"214\" height=\"300\" srcset=\"https:\/\/cvo.hamburg.de\/wp-content\/uploads\/sites\/31\/2022\/02\/Bildschirmfoto-2022-02-22-um-08.51.37-214x300.png 214w, https:\/\/cvo.hamburg.de\/wp-content\/uploads\/sites\/31\/2022\/02\/Bildschirmfoto-2022-02-22-um-08.51.37-729x1024.png 729w, https:\/\/cvo.hamburg.de\/wp-content\/uploads\/sites\/31\/2022\/02\/Bildschirmfoto-2022-02-22-um-08.51.37-768x1079.png 768w, https:\/\/cvo.hamburg.de\/wp-content\/uploads\/sites\/31\/2022\/02\/Bildschirmfoto-2022-02-22-um-08.51.37.png 910w\" sizes=\"auto, (max-width: 214px) 100vw, 214px\" \/>ABGESAGT!!!<\/span><\/strong>&nbsp;<br \/>\n<strong>Carpe diem<\/strong>&nbsp; nach dem &#8222;Club der toten Dichter&#8220; (Film von Tom Schulman\/Roman von Nancy Kleinbaum)<br \/>\n<em>unter &nbsp;Leitung von Frau Wendt<\/em><\/p>\n<p>\u201eCarpe diem\u201c \u2013 in Zeiten von Corona, Schulstress und anderen Herausforderungen wird dieses Motto immer wichtiger. Der Theaterkurs des PGW Profils von Herrn Simon hat sich mit dem Buch und Film \u201eDer Club der toten Dichter\u201c auseinandergesetzt und eine eigene Inszenierung gewagt. Ein coming of age St\u00fcck, dessen Fragen nach Selbstverwirklichung, Kritik an der Schule und den Zw\u00e4ngen der Erwachsenenwelt gerade in diesen Zeiten hoch aktuell sind. Am Montag, dem 28. Februar freuen wir uns darauf, unsere Version zu pr\u00e4sentieren.<\/p>\n<p>&nbsp;<\/p>\n<p><strong>&#8230; und als Intro hier ein kleiner Film<\/strong> (erstellt von L. Hambach)<\/p>\n<div class=\"video-container\">\n<div class=\"external_content_blocker_container\" data-content-rel=\"youtube\" data-content-replacement=\"%3Ciframe%20title%3D%22Theaterwoche%20der%20S4-Oberstufenkurse%22%20width%3D%22500%22%20height%3D%22375%22%20src%3D%22https%3A%2F%2Fwww.youtube-nocookie.com%2Fembed%2FhKCK2Y3gljg%3Ffeature%3Doembed%22%20frameborder%3D%220%22%20allow%3D%22accelerometer%3B%20autoplay%3B%20clipboard-write%3B%20encrypted-media%3B%20gyroscope%3B%20picture-in-picture%3B%20web-share%22%20referrerpolicy%3D%22strict-origin-when-cross-origin%22%20allowfullscreen%3E%3C%2Fiframe%3E\" data-content-domain=\"www.youtube-nocookie.com\" data-content-site-id=\"31\" data-additional-tags=\"false\" style=\"padding:24px 12px;color:#0f0f0f;border-radius:0px;background-color:#ececec;\">\n<div class=\"external_content_blocker_wrapper\">\n<div class=\"external_content_blocker_content\">\n<div class=\"external_content_blocker_text\" style=\"\">\n<p>Bei Aktivierung des Videos werden Daten an Google \u00fcbermittelt. <br \/><a href=\"https:\/\/policies.google.com\/privacy?hl=de&amp;gl=de\" target=\"_blank\" rel=\"noopener\">Datenschutzerkl\u00e4rung von Google<\/a><\/p>\n<\/div>\n<div class=\"external_content_blocker_button\"><a class=\"enable-external-content\" href=\"#enable_external_content\" style=\"padding:5px 15px;border-radius:3px;background-color:#ff0000;color:#ffffff;\" >YouTube-Video laden<\/a><a class=\"enable-all-external-content\" href=\"#enable_all_external_content\" data-content-rel=\"youtube\" style=\"padding:5px 15px;border-radius:3px;background-color:#ff0000;color:#ffffff;\">YouTube-Videos immer laden<\/a><\/div>\n<div class=\"external_content_blocker_global_link\"><a href=\"#enable_global_external_content\" style=\"color:#0f0f0f;\">Externen Inhalte immer anzeigen<\/a><\/div>\n<\/div>\n<\/div>\n<\/div>\n<\/div>\n<p>&nbsp;<\/p>\n","protected":false},"excerpt":{"rendered":"<p>Liebe Schulgemeinschaft, kurzfristig, daf\u00fcr umso geballter: Unsere S4 Theaterwoche in der Pausenhalle findet statt (toi, toi. toi!) Am Dienstag, 1.3. um 19h \u201eAch wie gut, dass niemand wei\u00df\u201c Grundkurs Am Mittwoch, 2.3. um 19h&#46;&#46;&#46;<\/p>\n","protected":false},"author":728,"featured_media":6513,"comment_status":"closed","ping_status":"closed","sticky":false,"template":"","format":"standard","meta":{"_acf_changed":false,"footnotes":""},"categories":[76],"tags":[],"class_list":["post-6509","post","type-post","status-publish","format-standard","has-post-thumbnail","hentry","category-archiv"],"acf":[],"_links":{"self":[{"href":"https:\/\/cvo.hamburg.de\/index.php?rest_route=\/wp\/v2\/posts\/6509","targetHints":{"allow":["GET"]}}],"collection":[{"href":"https:\/\/cvo.hamburg.de\/index.php?rest_route=\/wp\/v2\/posts"}],"about":[{"href":"https:\/\/cvo.hamburg.de\/index.php?rest_route=\/wp\/v2\/types\/post"}],"author":[{"embeddable":true,"href":"https:\/\/cvo.hamburg.de\/index.php?rest_route=\/wp\/v2\/users\/728"}],"replies":[{"embeddable":true,"href":"https:\/\/cvo.hamburg.de\/index.php?rest_route=%2Fwp%2Fv2%2Fcomments&post=6509"}],"version-history":[{"count":14,"href":"https:\/\/cvo.hamburg.de\/index.php?rest_route=\/wp\/v2\/posts\/6509\/revisions"}],"predecessor-version":[{"id":6607,"href":"https:\/\/cvo.hamburg.de\/index.php?rest_route=\/wp\/v2\/posts\/6509\/revisions\/6607"}],"wp:featuredmedia":[{"embeddable":true,"href":"https:\/\/cvo.hamburg.de\/index.php?rest_route=\/wp\/v2\/media\/6513"}],"wp:attachment":[{"href":"https:\/\/cvo.hamburg.de\/index.php?rest_route=%2Fwp%2Fv2%2Fmedia&parent=6509"}],"wp:term":[{"taxonomy":"category","embeddable":true,"href":"https:\/\/cvo.hamburg.de\/index.php?rest_route=%2Fwp%2Fv2%2Fcategories&post=6509"},{"taxonomy":"post_tag","embeddable":true,"href":"https:\/\/cvo.hamburg.de\/index.php?rest_route=%2Fwp%2Fv2%2Ftags&post=6509"}],"curies":[{"name":"wp","href":"https:\/\/api.w.org\/{rel}","templated":true}]}}