{"id":11263,"date":"2026-09-02T16:19:18","date_gmt":"2026-09-02T14:19:18","guid":{"rendered":"https:\/\/cvo.hamburg.de\/?p=11263"},"modified":"2026-09-02T16:45:24","modified_gmt":"2026-09-02T14:45:24","slug":"neue-fuenftklaesslerinnen-am-cvo","status":"publish","type":"post","link":"https:\/\/cvo.hamburg.de\/?p=11263","title":{"rendered":"Neue F\u00fcnftkl\u00e4sslerInnen am CvO"},"content":{"rendered":"<p><img loading=\"lazy\" decoding=\"async\" class=\"alignleft wp-image-11266\" src=\"https:\/\/cvo.hamburg.de\/wp-content\/uploads\/sites\/31\/2026\/09\/Bildschirmfoto-2026-09-02-um-16.17.52-455x1024.png\" alt=\"\" width=\"281\" height=\"632\" srcset=\"https:\/\/cvo.hamburg.de\/wp-content\/uploads\/sites\/31\/2026\/09\/Bildschirmfoto-2026-09-02-um-16.17.52-455x1024.png 455w, https:\/\/cvo.hamburg.de\/wp-content\/uploads\/sites\/31\/2026\/09\/Bildschirmfoto-2026-09-02-um-16.17.52-133x300.png 133w, https:\/\/cvo.hamburg.de\/wp-content\/uploads\/sites\/31\/2026\/09\/Bildschirmfoto-2026-09-02-um-16.17.52.png 668w\" sizes=\"auto, (max-width: 281px) 100vw, 281px\" \/>&#8222;Sch\u00f6n, dass ihr da seid &#8211; mit euch sind wir vollst\u00e4ndig. Herzlich willkommen am CvO.&#8220; Mit diesen warmen Worten begr\u00fc\u00dften Schulleiter Frank Pauleit und Abteilungsleiterin Daniela Appe nach den Sommerferien die neuen F\u00fcnftkl\u00e4sslerInnen am CvO.<\/p>\n<p>Nach einer Musicaldarbietung der Sechstkl\u00e4sslerinnen und einer kurzen Willkommensrede ging es f\u00fcr die neuen Klassen &#8211; begleitet von ihren Paten und den neuen Klassenlehrerteams &#8211; auch gleich in die neuen Klassenr\u00e4ume.<\/p>\n<p>Es folgte ein kurzweiliger Kennenlerntag, bei dem sich die neuen Sch\u00fclerInnen einen ersten Eindruck von Mitsch\u00fclerInnen, KlassenlehrerIn und Schule machen konnten, ging es f\u00fcr unsere J\u00fcngsten auch gleich los mit dem Abenteuer &#8222;CvO&#8220;.<\/p>\n<p>&nbsp;<\/p>\n<p><img loading=\"lazy\" decoding=\"async\" class=\"alignright wp-image-11268\" src=\"https:\/\/cvo.hamburg.de\/wp-content\/uploads\/sites\/31\/2026\/09\/IMG_0218-Kopie-2-e1788359975198-214x300.jpg\" alt=\"\" width=\"129\" height=\"181\" srcset=\"https:\/\/cvo.hamburg.de\/wp-content\/uploads\/sites\/31\/2026\/09\/IMG_0218-Kopie-2-e1788359975198-214x300.jpg 214w, https:\/\/cvo.hamburg.de\/wp-content\/uploads\/sites\/31\/2026\/09\/IMG_0218-Kopie-2-e1788359975198-732x1024.jpg 732w, https:\/\/cvo.hamburg.de\/wp-content\/uploads\/sites\/31\/2026\/09\/IMG_0218-Kopie-2-e1788359975198-768x1074.jpg 768w, https:\/\/cvo.hamburg.de\/wp-content\/uploads\/sites\/31\/2026\/09\/IMG_0218-Kopie-2-e1788359975198.jpg 953w\" sizes=\"auto, (max-width: 129px) 100vw, 129px\" \/> <img loading=\"lazy\" decoding=\"async\" class=\"alignright wp-image-11273\" src=\"https:\/\/cvo.hamburg.de\/wp-content\/uploads\/sites\/31\/2026\/09\/IMG_0223-Kopie-e1788360200541-297x300.jpg\" alt=\"\" width=\"180\" height=\"182\" srcset=\"https:\/\/cvo.hamburg.de\/wp-content\/uploads\/sites\/31\/2026\/09\/IMG_0223-Kopie-e1788360200541-297x300.jpg 297w, https:\/\/cvo.hamburg.de\/wp-content\/uploads\/sites\/31\/2026\/09\/IMG_0223-Kopie-e1788360200541-1014x1024.jpg 1014w, https:\/\/cvo.hamburg.de\/wp-content\/uploads\/sites\/31\/2026\/09\/IMG_0223-Kopie-e1788360200541-768x776.jpg 768w, https:\/\/cvo.hamburg.de\/wp-content\/uploads\/sites\/31\/2026\/09\/IMG_0223-Kopie-e1788360200541-80x80.jpg 80w, https:\/\/cvo.hamburg.de\/wp-content\/uploads\/sites\/31\/2026\/09\/IMG_0223-Kopie-e1788360200541.jpg 1320w\" sizes=\"auto, (max-width: 180px) 100vw, 180px\" \/><img loading=\"lazy\" decoding=\"async\" class=\"alignright wp-image-11271\" src=\"https:\/\/cvo.hamburg.de\/wp-content\/uploads\/sites\/31\/2026\/09\/image-300x196.jpeg\" alt=\"\" width=\"275\" height=\"180\" srcset=\"https:\/\/cvo.hamburg.de\/wp-content\/uploads\/sites\/31\/2026\/09\/image-300x196.jpeg 300w, https:\/\/cvo.hamburg.de\/wp-content\/uploads\/sites\/31\/2026\/09\/image-1024x668.jpeg 1024w, https:\/\/cvo.hamburg.de\/wp-content\/uploads\/sites\/31\/2026\/09\/image-768x501.jpeg 768w, https:\/\/cvo.hamburg.de\/wp-content\/uploads\/sites\/31\/2026\/09\/image-1536x1002.jpeg 1536w, https:\/\/cvo.hamburg.de\/wp-content\/uploads\/sites\/31\/2026\/09\/image.jpeg 2000w\" sizes=\"auto, (max-width: 275px) 100vw, 275px\" \/><\/p>\n<p>&nbsp;<\/p>\n<p>&nbsp;<\/p>\n<p>&nbsp;<\/p>\n<p>&nbsp;<\/p>\n<p>&nbsp;<\/p>\n<p>&nbsp;<\/p>\n<p>&nbsp;<\/p>\n<p><em>Text und Fotos: L. Hambach<\/em><\/p>\n","protected":false},"excerpt":{"rendered":"<p>&#8222;Sch\u00f6n, dass ihr da seid &#8211; mit euch sind wir vollst\u00e4ndig. Herzlich willkommen am CvO.&#8220; Mit diesen warmen Worten begr\u00fc\u00dften Schulleiter Frank Pauleit und Abteilungsleiterin Daniela Appe nach den Sommerferien die neuen F\u00fcnftkl\u00e4sslerInnen am&#46;&#46;&#46;<\/p>\n","protected":false},"author":728,"featured_media":11264,"comment_status":"closed","ping_status":"closed","sticky":false,"template":"","format":"standard","meta":{"_acf_changed":false,"footnotes":""},"categories":[32],"tags":[],"class_list":["post-11263","post","type-post","status-publish","format-standard","has-post-thumbnail","hentry","category-neuigkeiten"],"acf":[],"_links":{"self":[{"href":"https:\/\/cvo.hamburg.de\/index.php?rest_route=\/wp\/v2\/posts\/11263","targetHints":{"allow":["GET"]}}],"collection":[{"href":"https:\/\/cvo.hamburg.de\/index.php?rest_route=\/wp\/v2\/posts"}],"about":[{"href":"https:\/\/cvo.hamburg.de\/index.php?rest_route=\/wp\/v2\/types\/post"}],"author":[{"embeddable":true,"href":"https:\/\/cvo.hamburg.de\/index.php?rest_route=\/wp\/v2\/users\/728"}],"replies":[{"embeddable":true,"href":"https:\/\/cvo.hamburg.de\/index.php?rest_route=%2Fwp%2Fv2%2Fcomments&post=11263"}],"version-history":[{"count":8,"href":"https:\/\/cvo.hamburg.de\/index.php?rest_route=\/wp\/v2\/posts\/11263\/revisions"}],"predecessor-version":[{"id":11277,"href":"https:\/\/cvo.hamburg.de\/index.php?rest_route=\/wp\/v2\/posts\/11263\/revisions\/11277"}],"wp:featuredmedia":[{"embeddable":true,"href":"https:\/\/cvo.hamburg.de\/index.php?rest_route=\/wp\/v2\/media\/11264"}],"wp:attachment":[{"href":"https:\/\/cvo.hamburg.de\/index.php?rest_route=%2Fwp%2Fv2%2Fmedia&parent=11263"}],"wp:term":[{"taxonomy":"category","embeddable":true,"href":"https:\/\/cvo.hamburg.de\/index.php?rest_route=%2Fwp%2Fv2%2Fcategories&post=11263"},{"taxonomy":"post_tag","embeddable":true,"href":"https:\/\/cvo.hamburg.de\/index.php?rest_route=%2Fwp%2Fv2%2Ftags&post=11263"}],"curies":[{"name":"wp","href":"https:\/\/api.w.org\/{rel}","templated":true}]}}