{"id":11019,"date":"2026-04-24T10:48:40","date_gmt":"2026-04-24T08:48:40","guid":{"rendered":"https:\/\/cvo.hamburg.de\/?p=11019"},"modified":"2026-04-24T10:50:58","modified_gmt":"2026-04-24T08:50:58","slug":"michel-abdollahi-und-veuve-noire-zu-gast-am-cvo","status":"publish","type":"post","link":"https:\/\/cvo.hamburg.de\/?p=11019","title":{"rendered":"Themenabend am CvO"},"content":{"rendered":"<p><span style=\"text-decoration: underline\">Carl:a organisiert Themenabend im Rahmen der Internationalen Wochen gegen Rassismus<\/span><\/p>\n<p>Bereits zum dritten Mal hatte die CvO-Initiative Carl:a bestehend aus Eltern, Lehrkr\u00e4ften und Sch\u00fclerInnen im Rahmen der Internationalen Wochen gegen Rassismus einen Themenabend f\u00fcr Demokratie und Vielfalt auf die Beine gestellt. \u00dcber ein dreiviertel Jahr hatte die Gruppe diese Veranstaltung organisiert.<\/p>\n<p>Bereits am Vormittag h\u00f6rte der Jahrgang 11 den Ausf\u00fchrungen des bekannten deutsch-iranischen TV-Moderators, Autors und Podcasters Michel Abdollahi gebannt zu. Der Journalist, der mit seiner Expertise dieser Tage viel durch die Lande tourt, hatte den spannenden Dokumentarfilm <em>Im Nazidorf<\/em> produziert. &nbsp;Im Sommer 2015 hatte der 45-j\u00e4hrige f\u00fcr einen Monat den mecklenburgischen Ort Jamel besucht, der Heimat vieler rechtsradikal denkender B\u00fcrger ist. Der charismatische Abdollahi war mit den Bewohnern ins Gespr\u00e4ch gekommen &#8211; spannend waren seine Anekdoten und Geschichten, die er im Rahmen der Vortragsreihe zum Besten gab.<\/p>\n<p><img loading=\"lazy\" decoding=\"async\" class=\"size-medium wp-image-11021 alignleft\" src=\"https:\/\/cvo.hamburg.de\/wp-content\/uploads\/sites\/31\/2026\/04\/Themenabend1-e1777020381523-300x167.jpg\" alt=\"\" width=\"300\" height=\"167\" srcset=\"https:\/\/cvo.hamburg.de\/wp-content\/uploads\/sites\/31\/2026\/04\/Themenabend1-e1777020381523-300x167.jpg 300w, https:\/\/cvo.hamburg.de\/wp-content\/uploads\/sites\/31\/2026\/04\/Themenabend1-e1777020381523-1024x569.jpg 1024w, https:\/\/cvo.hamburg.de\/wp-content\/uploads\/sites\/31\/2026\/04\/Themenabend1-e1777020381523-768x427.jpg 768w, https:\/\/cvo.hamburg.de\/wp-content\/uploads\/sites\/31\/2026\/04\/Themenabend1-e1777020381523-1536x853.jpg 1536w, https:\/\/cvo.hamburg.de\/wp-content\/uploads\/sites\/31\/2026\/04\/Themenabend1-e1777020381523-2048x1138.jpg 2048w\" sizes=\"auto, (max-width: 300px) 100vw, 300px\" \/>Am Abend sorgte der Popchor dann im Theaterraum, der w\u00e4hrend der Umbauarbeiten am CvO Heimat f\u00fcr Kulturveranstaltungen ist, f\u00fcr einen ersten G\u00e4nsehautmoment. Mit seiner Interpretation von Pinks \u201eDear Mr. President\u201c traf das im Publikum verteilte Ensemble unter der Leitung von Frau M\u00fccke den Nerv des Abends.<\/p>\n<p><img loading=\"lazy\" decoding=\"async\" class=\"alignright size-medium wp-image-11020\" src=\"https:\/\/cvo.hamburg.de\/wp-content\/uploads\/sites\/31\/2026\/04\/Themenabend2-300x169.jpg\" alt=\"\" width=\"300\" height=\"169\" srcset=\"https:\/\/cvo.hamburg.de\/wp-content\/uploads\/sites\/31\/2026\/04\/Themenabend2-300x169.jpg 300w, https:\/\/cvo.hamburg.de\/wp-content\/uploads\/sites\/31\/2026\/04\/Themenabend2-1024x576.jpg 1024w, https:\/\/cvo.hamburg.de\/wp-content\/uploads\/sites\/31\/2026\/04\/Themenabend2-768x432.jpg 768w, https:\/\/cvo.hamburg.de\/wp-content\/uploads\/sites\/31\/2026\/04\/Themenabend2-1536x864.jpg 1536w, https:\/\/cvo.hamburg.de\/wp-content\/uploads\/sites\/31\/2026\/04\/Themenabend2-2048x1152.jpg 2048w\" sizes=\"auto, (max-width: 300px) 100vw, 300px\" \/>Unnachahmlich und fesselnd dann die Ausf\u00fchrungen von <em>Veuve Noire<\/em> &#8211; Vertreterin des Projekts \u201eOlivia Jones macht Schule\u201c. Bereits zum wiederholten Mal durften wir den Geschichten und Ausf\u00fchrungen der sprachgewandten Drag Queen lauschen, die \u00fcber ihre Erlebnisse in ihrer Heimat Wismar und \u00fcber ihren Werdegang erz\u00e4hlte. Gleicherma\u00dfen launig wie nachdenklich verstand sie es, \u00fcber ihre Geschichten Themen \u201eVielfalt\u201c, \u201eToleranz\u201c und \u201eRespekt\u201c zu vermitteln.<\/p>\n<p><img loading=\"lazy\" decoding=\"async\" class=\"alignright size-medium wp-image-11022\" src=\"https:\/\/cvo.hamburg.de\/wp-content\/uploads\/sites\/31\/2026\/04\/Themenabend4-300x200.jpg\" alt=\"\" width=\"300\" height=\"200\" srcset=\"https:\/\/cvo.hamburg.de\/wp-content\/uploads\/sites\/31\/2026\/04\/Themenabend4-300x200.jpg 300w, https:\/\/cvo.hamburg.de\/wp-content\/uploads\/sites\/31\/2026\/04\/Themenabend4-1024x683.jpg 1024w, https:\/\/cvo.hamburg.de\/wp-content\/uploads\/sites\/31\/2026\/04\/Themenabend4-768x512.jpg 768w, https:\/\/cvo.hamburg.de\/wp-content\/uploads\/sites\/31\/2026\/04\/Themenabend4-1536x1024.jpg 1536w, https:\/\/cvo.hamburg.de\/wp-content\/uploads\/sites\/31\/2026\/04\/Themenabend4-2048x1366.jpg 2048w\" sizes=\"auto, (max-width: 300px) 100vw, 300px\" \/>Es folgte die Preisverleihung zu dem Wettbewerb \u201eWerte, die verbinden\u201c, zu dem Carl:a die Schulgemeinschaft aufgerufen hatte. Von einem Banner \u00fcber eine illustrierte Kurzgeschichte bis hin zu Pr\u00e4sentationen und Fotoarbeiten reichten die pr\u00e4mierten Einreichungen. Garniert wurde die Preisverleihung durch die musikalische Einrahmung der \u201eOmas gegen Nazis\u201c.<\/p>\n<p><img loading=\"lazy\" decoding=\"async\" class=\"size-medium wp-image-11023 alignleft\" src=\"https:\/\/cvo.hamburg.de\/wp-content\/uploads\/sites\/31\/2026\/04\/Themenabend5-300x200.jpg\" alt=\"\" width=\"300\" height=\"200\" srcset=\"https:\/\/cvo.hamburg.de\/wp-content\/uploads\/sites\/31\/2026\/04\/Themenabend5-300x200.jpg 300w, https:\/\/cvo.hamburg.de\/wp-content\/uploads\/sites\/31\/2026\/04\/Themenabend5-1024x683.jpg 1024w, https:\/\/cvo.hamburg.de\/wp-content\/uploads\/sites\/31\/2026\/04\/Themenabend5-768x512.jpg 768w, https:\/\/cvo.hamburg.de\/wp-content\/uploads\/sites\/31\/2026\/04\/Themenabend5-1536x1024.jpg 1536w, https:\/\/cvo.hamburg.de\/wp-content\/uploads\/sites\/31\/2026\/04\/Themenabend5-2048x1366.jpg 2048w\" sizes=\"auto, (max-width: 300px) 100vw, 300px\" \/>Den zweiten Teil des Themenabends teilten sich die Organisationen <em>seawatch.org<\/em> und <em>Laut gegen Nazis<\/em>. Seit 2015 ist Sea-Watch im zentralen Mittelmeer aktiv und war bis heute an der Rettung von \u00fcber 45.000 Menschen beteiligt. Eine zunehmend rassistische Migrationspolitik f\u00fchre dazu, so die Organisation auf ihrer Homepage, dass j\u00e4hrlich Tausende auf der Flucht \u00fcber das Mittelmeer ertrinken w\u00fcrden. Durch Rettungseins\u00e4tze versucht seawatch Leben zu retten. Der Verein \u201eLaut gegen Nazis\u201c hat es sich zur Aufgabe gemacht, einen Zusammenschluss der Zivilgesellschaft und eine starke \u00d6ffentlichkeit gegen Rechtsextremismus zu erwirken. \u00dcber medienwirksame Aktionen versucht die Organisation, eine breite \u00d6ffentlichkeit zu erreichen und auf Faschismus, Diskriminierung und Rassismus im Alltag aufmerksam zu machen.<\/p>\n<p>Ein bunter Abend mit vielen spannenden Eindr\u00fccken und Geschichten, der zum Nachdenken und zum Mitmachen, zur Zivilcourage und zu Toleranz aufrufen sollte.<\/p>\n<p><em>Text und Fotos: L. Hambach<\/em><\/p>\n","protected":false},"excerpt":{"rendered":"<p>Carl:a organisiert Themenabend im Rahmen der Internationalen Wochen gegen Rassismus Bereits zum dritten Mal hatte die CvO-Initiative Carl:a bestehend aus Eltern, Lehrkr\u00e4ften und Sch\u00fclerInnen im Rahmen der Internationalen Wochen gegen Rassismus einen Themenabend f\u00fcr&#46;&#46;&#46;<\/p>\n","protected":false},"author":728,"featured_media":11020,"comment_status":"closed","ping_status":"closed","sticky":false,"template":"","format":"standard","meta":{"_acf_changed":false,"footnotes":""},"categories":[32],"tags":[],"class_list":["post-11019","post","type-post","status-publish","format-standard","has-post-thumbnail","hentry","category-neuigkeiten"],"acf":[],"_links":{"self":[{"href":"https:\/\/cvo.hamburg.de\/index.php?rest_route=\/wp\/v2\/posts\/11019","targetHints":{"allow":["GET"]}}],"collection":[{"href":"https:\/\/cvo.hamburg.de\/index.php?rest_route=\/wp\/v2\/posts"}],"about":[{"href":"https:\/\/cvo.hamburg.de\/index.php?rest_route=\/wp\/v2\/types\/post"}],"author":[{"embeddable":true,"href":"https:\/\/cvo.hamburg.de\/index.php?rest_route=\/wp\/v2\/users\/728"}],"replies":[{"embeddable":true,"href":"https:\/\/cvo.hamburg.de\/index.php?rest_route=%2Fwp%2Fv2%2Fcomments&post=11019"}],"version-history":[{"count":4,"href":"https:\/\/cvo.hamburg.de\/index.php?rest_route=\/wp\/v2\/posts\/11019\/revisions"}],"predecessor-version":[{"id":11027,"href":"https:\/\/cvo.hamburg.de\/index.php?rest_route=\/wp\/v2\/posts\/11019\/revisions\/11027"}],"wp:featuredmedia":[{"embeddable":true,"href":"https:\/\/cvo.hamburg.de\/index.php?rest_route=\/wp\/v2\/media\/11020"}],"wp:attachment":[{"href":"https:\/\/cvo.hamburg.de\/index.php?rest_route=%2Fwp%2Fv2%2Fmedia&parent=11019"}],"wp:term":[{"taxonomy":"category","embeddable":true,"href":"https:\/\/cvo.hamburg.de\/index.php?rest_route=%2Fwp%2Fv2%2Fcategories&post=11019"},{"taxonomy":"post_tag","embeddable":true,"href":"https:\/\/cvo.hamburg.de\/index.php?rest_route=%2Fwp%2Fv2%2Ftags&post=11019"}],"curies":[{"name":"wp","href":"https:\/\/api.w.org\/{rel}","templated":true}]}}