{"id":11007,"date":"2026-04-24T10:31:20","date_gmt":"2026-04-24T08:31:20","guid":{"rendered":"https:\/\/cvo.hamburg.de\/?p=11007"},"modified":"2026-04-24T10:34:08","modified_gmt":"2026-04-24T08:34:08","slug":"leyla-und-viveka-erhalten-cvo-preis-fuer-besonderes-engagement","status":"publish","type":"post","link":"https:\/\/cvo.hamburg.de\/?p=11007","title":{"rendered":"Leyla und Viveka erhalten CvO-Preis f\u00fcr besonderes Engagement"},"content":{"rendered":"<p><img loading=\"lazy\" decoding=\"async\" class=\"alignright wp-image-11011 \" src=\"https:\/\/cvo.hamburg.de\/wp-content\/uploads\/sites\/31\/2026\/04\/image-1-scaled-e1777019576446-300x203.jpeg\" alt=\"\" width=\"340\" height=\"230\" srcset=\"https:\/\/cvo.hamburg.de\/wp-content\/uploads\/sites\/31\/2026\/04\/image-1-scaled-e1777019576446-300x203.jpeg 300w, https:\/\/cvo.hamburg.de\/wp-content\/uploads\/sites\/31\/2026\/04\/image-1-scaled-e1777019576446-1024x694.jpeg 1024w, https:\/\/cvo.hamburg.de\/wp-content\/uploads\/sites\/31\/2026\/04\/image-1-scaled-e1777019576446-768x520.jpeg 768w, https:\/\/cvo.hamburg.de\/wp-content\/uploads\/sites\/31\/2026\/04\/image-1-scaled-e1777019576446-1536x1041.jpeg 1536w, https:\/\/cvo.hamburg.de\/wp-content\/uploads\/sites\/31\/2026\/04\/image-1-scaled-e1777019576446-2048x1387.jpeg 2048w\" sizes=\"auto, (max-width: 340px) 100vw, 340px\" \/>Am CvO kennen sie die meisten &#8211; sind ihnen zumindest schonmal begegnet: Wenn nicht im Rahmen ihres Engagements im Schulpartnerschaftskurs, dann als Schulsanis oder beim CvO-Weihnachtsmarkt oder dem Festival der K\u00fcnste. Leyla und Viveka setzen sich in der Schulzeit und in ihrer Freizeit f\u00fcr andere ein &#8211; freundlich, bestimmt und emphatisch.<\/p>\n<p>Besonders engagiert zeigen sie sich im \u201eVerein Afghanistan Schulen e.V.\u201c, in dem sie unerm\u00fcdlich auf die Schulsituation und das Leben der Frauen in Afghanistan aufmerksam machen. Sie lenken und unterst\u00fctzen die Arbeit des Schulpartnerschaftskurses und des Vereins durch Aktionen und an St\u00e4nden.<\/p>\n<p>So war es f\u00fcr Frau Dastur eine logische Konsequenz die beiden engagierten jungen Frauen f\u00fcr den diesj\u00e4hrigen CvO-Preis vorzuschlagen und die emotionale Laudatio zu halten: \u201eIhre Zuverl\u00e4ssigkeit und ihr Engagement sollte ein Vorbild f\u00fcr uns am CvO sein.\u201c. Der CvO-Preis wird jedes Jahr an Menschen verliehen, die sich im Sinne der Werte Carl von Ossietzkys f\u00fcr die Schulgemeinschaft einsetzen.<\/p>\n<p><img loading=\"lazy\" decoding=\"async\" class=\"alignnone wp-image-11009 \" src=\"https:\/\/cvo.hamburg.de\/wp-content\/uploads\/sites\/31\/2026\/04\/image-scaled-e1777019260241-1024x585.jpeg\" alt=\"\" width=\"481\" height=\"275\" srcset=\"https:\/\/cvo.hamburg.de\/wp-content\/uploads\/sites\/31\/2026\/04\/image-scaled-e1777019260241-1024x585.jpeg 1024w, https:\/\/cvo.hamburg.de\/wp-content\/uploads\/sites\/31\/2026\/04\/image-scaled-e1777019260241-300x171.jpeg 300w, https:\/\/cvo.hamburg.de\/wp-content\/uploads\/sites\/31\/2026\/04\/image-scaled-e1777019260241-768x439.jpeg 768w, https:\/\/cvo.hamburg.de\/wp-content\/uploads\/sites\/31\/2026\/04\/image-scaled-e1777019260241-1536x878.jpeg 1536w, https:\/\/cvo.hamburg.de\/wp-content\/uploads\/sites\/31\/2026\/04\/image-scaled-e1777019260241-2048x1170.jpeg 2048w\" sizes=\"auto, (max-width: 481px) 100vw, 481px\" \/> <img loading=\"lazy\" decoding=\"async\" class=\"alignnone wp-image-11010 \" src=\"https:\/\/cvo.hamburg.de\/wp-content\/uploads\/sites\/31\/2026\/04\/CvOPreis2-scaled-e1777019354251-1024x593.jpg\" alt=\"\" width=\"476\" height=\"275\" srcset=\"https:\/\/cvo.hamburg.de\/wp-content\/uploads\/sites\/31\/2026\/04\/CvOPreis2-scaled-e1777019354251-1024x593.jpg 1024w, https:\/\/cvo.hamburg.de\/wp-content\/uploads\/sites\/31\/2026\/04\/CvOPreis2-scaled-e1777019354251-300x174.jpg 300w, https:\/\/cvo.hamburg.de\/wp-content\/uploads\/sites\/31\/2026\/04\/CvOPreis2-scaled-e1777019354251-768x445.jpg 768w, https:\/\/cvo.hamburg.de\/wp-content\/uploads\/sites\/31\/2026\/04\/CvOPreis2-scaled-e1777019354251-1536x890.jpg 1536w, https:\/\/cvo.hamburg.de\/wp-content\/uploads\/sites\/31\/2026\/04\/CvOPreis2-scaled-e1777019354251-2048x1186.jpg 2048w\" sizes=\"auto, (max-width: 476px) 100vw, 476px\" \/><\/p>\n<p>Neben dem CvO-Preis wurden auch weitere Anerkennungen etwa an Juli, Ole, Anni und Amelie f\u00fcr ihr Video zum Thema \u201eVielfalt\u201c verliehen. Auch die Unterstufenklassen, die im Rahmen des Spendenaufrufs von Radio Hamburg Spenden f\u00fcr \u201eH\u00f6rer helfen Kindern\u201c sammelten, wurden geehrt.<\/p>\n","protected":false},"excerpt":{"rendered":"<p>Am CvO kennen sie die meisten &#8211; sind ihnen zumindest schonmal begegnet: Wenn nicht im Rahmen ihres Engagements im Schulpartnerschaftskurs, dann als Schulsanis oder beim CvO-Weihnachtsmarkt oder dem Festival der K\u00fcnste. Leyla und Viveka&#46;&#46;&#46;<\/p>\n","protected":false},"author":728,"featured_media":11008,"comment_status":"closed","ping_status":"closed","sticky":false,"template":"","format":"standard","meta":{"_acf_changed":false,"footnotes":""},"categories":[32],"tags":[],"class_list":["post-11007","post","type-post","status-publish","format-standard","has-post-thumbnail","hentry","category-neuigkeiten"],"acf":[],"_links":{"self":[{"href":"https:\/\/cvo.hamburg.de\/index.php?rest_route=\/wp\/v2\/posts\/11007","targetHints":{"allow":["GET"]}}],"collection":[{"href":"https:\/\/cvo.hamburg.de\/index.php?rest_route=\/wp\/v2\/posts"}],"about":[{"href":"https:\/\/cvo.hamburg.de\/index.php?rest_route=\/wp\/v2\/types\/post"}],"author":[{"embeddable":true,"href":"https:\/\/cvo.hamburg.de\/index.php?rest_route=\/wp\/v2\/users\/728"}],"replies":[{"embeddable":true,"href":"https:\/\/cvo.hamburg.de\/index.php?rest_route=%2Fwp%2Fv2%2Fcomments&post=11007"}],"version-history":[{"count":7,"href":"https:\/\/cvo.hamburg.de\/index.php?rest_route=\/wp\/v2\/posts\/11007\/revisions"}],"predecessor-version":[{"id":11018,"href":"https:\/\/cvo.hamburg.de\/index.php?rest_route=\/wp\/v2\/posts\/11007\/revisions\/11018"}],"wp:featuredmedia":[{"embeddable":true,"href":"https:\/\/cvo.hamburg.de\/index.php?rest_route=\/wp\/v2\/media\/11008"}],"wp:attachment":[{"href":"https:\/\/cvo.hamburg.de\/index.php?rest_route=%2Fwp%2Fv2%2Fmedia&parent=11007"}],"wp:term":[{"taxonomy":"category","embeddable":true,"href":"https:\/\/cvo.hamburg.de\/index.php?rest_route=%2Fwp%2Fv2%2Fcategories&post=11007"},{"taxonomy":"post_tag","embeddable":true,"href":"https:\/\/cvo.hamburg.de\/index.php?rest_route=%2Fwp%2Fv2%2Ftags&post=11007"}],"curies":[{"name":"wp","href":"https:\/\/api.w.org\/{rel}","templated":true}]}}