{"id":10677,"date":"2025-12-03T10:15:20","date_gmt":"2025-12-03T09:15:20","guid":{"rendered":"https:\/\/cvo.hamburg.de\/?p=10677"},"modified":"2026-02-24T10:08:07","modified_gmt":"2026-02-24T09:08:07","slug":"erfolgreiche-fussballmannschaften","status":"publish","type":"post","link":"https:\/\/cvo.hamburg.de\/?p=10677","title":{"rendered":"Erfolgreiche Fu\u00dfballmannschaften"},"content":{"rendered":"<p>Erfolgreich in Runde zwei!<\/p>\n<p>Unsere j\u00fcngsten Fu\u00dfballer des Carl-von-Ossietzky-Gymnasiums haben sich souver\u00e4n f\u00fcr die n\u00e4chste Runde des Uwe-Seeler-Pokals qualifiziert. Begleitet von Herrn Schneider traten die Jungs der Jahrg\u00e4nge 2013\/14 in Stellingen an \u2013 mit dem klaren Ziel, gemeinsam zu k\u00e4mpfen, Spa\u00df zu haben und nat\u00fcrlich Tore zu schie\u00dfen.<\/p>\n<p><img loading=\"lazy\" decoding=\"async\" class=\"alignnone size-large wp-image-10678\" src=\"https:\/\/cvo.hamburg.de\/wp-content\/uploads\/sites\/31\/2025\/12\/16CB8D52-DBDF-48B1-B704-E34A8F1923F7-e1764753203646-1024x563.jpeg\" alt=\"\" width=\"1024\" height=\"563\" srcset=\"https:\/\/cvo.hamburg.de\/wp-content\/uploads\/sites\/31\/2025\/12\/16CB8D52-DBDF-48B1-B704-E34A8F1923F7-e1764753203646-1024x563.jpeg 1024w, https:\/\/cvo.hamburg.de\/wp-content\/uploads\/sites\/31\/2025\/12\/16CB8D52-DBDF-48B1-B704-E34A8F1923F7-e1764753203646-300x165.jpeg 300w, https:\/\/cvo.hamburg.de\/wp-content\/uploads\/sites\/31\/2025\/12\/16CB8D52-DBDF-48B1-B704-E34A8F1923F7-e1764753203646-768x423.jpeg 768w, https:\/\/cvo.hamburg.de\/wp-content\/uploads\/sites\/31\/2025\/12\/16CB8D52-DBDF-48B1-B704-E34A8F1923F7-e1764753203646-1536x845.jpeg 1536w, https:\/\/cvo.hamburg.de\/wp-content\/uploads\/sites\/31\/2025\/12\/16CB8D52-DBDF-48B1-B704-E34A8F1923F7-e1764753203646.jpeg 2010w\" sizes=\"auto, (max-width: 1024px) 100vw, 1024px\" \/><\/p>\n<p>Amandus, Philip S., Juri, Philip C., Nicklas, Pelle und Jonas zeigten von Beginn an gro\u00dfen Einsatz. Gleich im ersten Spiel gelang ihnen gegen die favorisierte Ida-Ehre-Schule \u2013 gespickt mit Talenten aus der St.-Pauli-Nachwuchsschmiede \u2013 ein starkes 1:1.<\/p>\n<p>Im Anschluss folgten deutliche Siege: Mit 7:1 gegen die Stadtteilschule M\u00fcmmelmannsberg und einem beeindruckenden 8:0 gegen die Stadtteilschule Stellingen trug sich jeder Spieler in die Torsch\u00fctzenliste ein. Im abschlie\u00dfenden Gruppenspiel traf das Team auf die Stadtteilschule Hafen City. In einer spannenden und umk\u00e4mpften Partie setzten sich unsere Jungs verdient mit 2:1 durch. Dank Punktgleichheit, gleicher Tordifferenz, gleicher Anzahl geschossener Tore und direktem Vergleich ging es schlie\u00dflich um den Gruppensieg ins Siebenmeterschie\u00dfen erneut gegen die Ida-Ehre-Schule \u2013 und auch dort behielt das CvO-Team die Nerven. Gruppensieg! Die Vorfreude auf die n\u00e4chste Runde im Januar ist nun riesig.<\/p>\n<p><img loading=\"lazy\" decoding=\"async\" class=\"alignnone size-large wp-image-10679\" src=\"https:\/\/cvo.hamburg.de\/wp-content\/uploads\/sites\/31\/2025\/12\/3320c549-5474-4491-a974-a0e237fe141e-e1764753275472-1024x633.jpeg\" alt=\"\" width=\"1024\" height=\"633\" srcset=\"https:\/\/cvo.hamburg.de\/wp-content\/uploads\/sites\/31\/2025\/12\/3320c549-5474-4491-a974-a0e237fe141e-e1764753275472-1024x633.jpeg 1024w, https:\/\/cvo.hamburg.de\/wp-content\/uploads\/sites\/31\/2025\/12\/3320c549-5474-4491-a974-a0e237fe141e-e1764753275472-300x185.jpeg 300w, https:\/\/cvo.hamburg.de\/wp-content\/uploads\/sites\/31\/2025\/12\/3320c549-5474-4491-a974-a0e237fe141e-e1764753275472-768x475.jpeg 768w, https:\/\/cvo.hamburg.de\/wp-content\/uploads\/sites\/31\/2025\/12\/3320c549-5474-4491-a974-a0e237fe141e-e1764753275472.jpeg 1100w\" sizes=\"auto, (max-width: 1024px) 100vw, 1024px\" \/><\/p>\n<p>Auch unsere M\u00e4dels, die von Herrn Bajramovic begleitet wurden, schafften den Sprung in die n\u00e4chste Runde von Jugend trainiert. Herzlichen Gl\u00fcckwunsch!<\/p>\n<p><em>Text: Fabian Schneider \/ Fotos: L. Hambach<\/em><\/p>\n","protected":false},"excerpt":{"rendered":"<p>Erfolgreich in Runde zwei! Unsere j\u00fcngsten Fu\u00dfballer des Carl-von-Ossietzky-Gymnasiums haben sich souver\u00e4n f\u00fcr die n\u00e4chste Runde des Uwe-Seeler-Pokals qualifiziert. Begleitet von Herrn Schneider traten die Jungs der Jahrg\u00e4nge 2013\/14 in Stellingen an \u2013 mit&#46;&#46;&#46;<\/p>\n","protected":false},"author":728,"featured_media":10678,"comment_status":"closed","ping_status":"closed","sticky":false,"template":"","format":"standard","meta":{"_acf_changed":false,"footnotes":""},"categories":[45,32],"tags":[],"class_list":["post-10677","post","type-post","status-publish","format-standard","has-post-thumbnail","hentry","category-aktuelle-sportwettbewerbe","category-neuigkeiten"],"acf":[],"_links":{"self":[{"href":"https:\/\/cvo.hamburg.de\/index.php?rest_route=\/wp\/v2\/posts\/10677","targetHints":{"allow":["GET"]}}],"collection":[{"href":"https:\/\/cvo.hamburg.de\/index.php?rest_route=\/wp\/v2\/posts"}],"about":[{"href":"https:\/\/cvo.hamburg.de\/index.php?rest_route=\/wp\/v2\/types\/post"}],"author":[{"embeddable":true,"href":"https:\/\/cvo.hamburg.de\/index.php?rest_route=\/wp\/v2\/users\/728"}],"replies":[{"embeddable":true,"href":"https:\/\/cvo.hamburg.de\/index.php?rest_route=%2Fwp%2Fv2%2Fcomments&post=10677"}],"version-history":[{"count":2,"href":"https:\/\/cvo.hamburg.de\/index.php?rest_route=\/wp\/v2\/posts\/10677\/revisions"}],"predecessor-version":[{"id":10681,"href":"https:\/\/cvo.hamburg.de\/index.php?rest_route=\/wp\/v2\/posts\/10677\/revisions\/10681"}],"wp:featuredmedia":[{"embeddable":true,"href":"https:\/\/cvo.hamburg.de\/index.php?rest_route=\/wp\/v2\/media\/10678"}],"wp:attachment":[{"href":"https:\/\/cvo.hamburg.de\/index.php?rest_route=%2Fwp%2Fv2%2Fmedia&parent=10677"}],"wp:term":[{"taxonomy":"category","embeddable":true,"href":"https:\/\/cvo.hamburg.de\/index.php?rest_route=%2Fwp%2Fv2%2Fcategories&post=10677"},{"taxonomy":"post_tag","embeddable":true,"href":"https:\/\/cvo.hamburg.de\/index.php?rest_route=%2Fwp%2Fv2%2Ftags&post=10677"}],"curies":[{"name":"wp","href":"https:\/\/api.w.org\/{rel}","templated":true}]}}